{"id":2525,"date":"2016-12-09T12:00:00","date_gmt":"2016-12-09T11:00:00","guid":{"rendered":"https:\/\/proactiveparenting.com\/2016\/12\/09\/regalar-con-cabeza-en-navidad-es\/"},"modified":"2019-10-29T06:40:43","modified_gmt":"2019-10-29T05:40:43","slug":"regalar-con-cabeza-en-navidad-es","status":"publish","type":"post","link":"https:\/\/proactiveparenting.com\/es\/regalar-con-cabeza-en-navidad-es\/","title":{"rendered":"Regalar con cabeza en Navidad"},"content":{"rendered":"<div class=\"entry-container\" style=\"padding: 0px; margin: 0px 0px -10px; background-image: initial; background-position: initial; background-repeat: initial; background-attachment: initial; position: relative; color: #333333; line-height: 26px; font-family: Open-sans, sans-serif;\">\n<div class=\"entry-content\" style=\"padding: 5px; margin: 20px 40px; font-size: 15px; font-family: lora; color: #777777; line-height: 28px; text-align: justify;\">\n<div class=\"meta1\" style=\"padding: 0px; margin: 0px; font-family: Open-sans, sans-serif;\">\n<p style=\"padding: 10px 0px; margin: 0px 0px -20px; list-style: none; border: none; outline: none; font-size: 14px; line-height: 28px;\"><small style=\"padding: 0px; margin: 0px; font-size: 11.9px;\"><span style=\"padding: 0px; margin: 0px 10px 0px 0px; list-style: none; border: none; outline: none;\">&nbsp;viernes, diciembre 09, 2016<\/span>&nbsp;<span style=\"padding: 0px; margin: 0px 10px 0px 0px; list-style: none; border: none; outline: none;\">&nbsp;Ana Bel\u00e9n Pacheco&nbsp;<\/span>&nbsp;0 Comentarios<\/small><\/p>\n<\/div>\n<p><b style=\"padding: 0px; margin: 0px;\">Regalar en Navidad es un mundo.&nbsp;<\/b>Y adem\u00e1s hay para todos los gustos. Por una parte est\u00e1n los padres que intentan limitar el advenimiento de toneladas de juguetes a sus hogares y luchan contra abuelos, t\u00edos, puros y dem\u00e1s fauna familiar para evitar e fin del mundo y los hay que nos resignamos y asumimos que no podemos ni entrar en el ascensor con tanto trasto. Igual tambi\u00e9n reconozco que de peque\u00f1a levantarme y ver muchos paquetes era genial y es una sensaci\u00f3n que me gusta ver reflejada en el canijo. Muchos dicen que no disfrutan, que pasan de un juguete a otro sin criterio ninguno y que es contraproducente pero en estas tres navidades la cosa no ha ido tan mal, hemos escalonado los juguetes y sacado seg\u00fan la edad los que m\u00e1s nos convenc\u00edan y ha sido un \u00e9xito. Adem\u00e1s dado que la mayor\u00eda tiene una nefasta factura muchos han sido destrozados dejando hueco a los siguientes sin impunidad lo cual ayuda bastante.<br style=\"padding: 0px; margin: 0px;\" \/><br style=\"padding: 0px; margin: 0px;\" \/><\/p>\n<div class=\"separator\" style=\"padding: 0px; margin: 20px 0px 0px; clear: both; text-align: center;\"><a href=\"https:\/\/1.bp.blogspot.com\/-zW7viAYSuvQ\/WEfs9tWNIhI\/AAAAAAAAPZE\/pYTVvwr5u6orgbHm0-ZJcZ41isLyH4nJgCLcB\/s1600\/10411340_926408414076073_3814811431595043356_n.jpg\" style=\"padding: 0px; margin: 0px 1em 0px 1px; list-style: none; border: none; outline: none; color: #191919;\" target=\"_blank\" rel=\"noopener\"><img fetchpriority=\"high\" decoding=\"async\" src=\"https:\/\/1.bp.blogspot.com\/-zW7viAYSuvQ\/WEfs9tWNIhI\/AAAAAAAAPZE\/pYTVvwr5u6orgbHm0-ZJcZ41isLyH4nJgCLcB\/s640\/10411340_926408414076073_3814811431595043356_n.jpg\" alt=\"\" width=\"640\" height=\"426\" style=\"padding: 0px; margin: 0px 0px 0px -13px; list-style: none; border-width: initial; border-style: none; outline: none; vertical-align: middle; width: 695px;\" border=\"0\" \/><\/a><\/div>\n<p><br style=\"padding: 0px; margin: 0px;\" \/><b style=\"padding: 0px; margin: 0px;\">Deanna Marie Mason , psic\u00f3loga especialista en ni\u00f1os y atenci\u00f3n temprana y autora del incre\u00edble y psicod\u00e9lico libro&nbsp;<a href=\"https:\/\/www.amazon.es\/Qu%C3%A9-hacer-para-hijo-imb%C3%A9cil\/dp\/1512091057\" target=\"_blank\" style=\"padding: 0px; margin: 0px; list-style: none; border: none; outline: none; color: #191919;\" rel=\"noopener noreferrer\">&#8220;qu\u00e9<\/a><a href=\"https:\/\/www.blogger.com\/null\" target=\"_blank\" style=\"padding: 0px; margin: 0px; list-style: none; border: none; outline: none; color: #191919;\" rel=\"noopener noreferrer\">&nbsp;hacer para que mi hijo no sea un imbecil&#8221;<\/a>&nbsp;<\/b>nos ha ayudado a dilucidar los mejores juguetes para cada momento del desarrollo de los canijos, pautas que por cierto son muy acertadas en cuanto a criterio de selecci\u00f3n y que ser\u00e1n \u00fatiles para ayudar a escribir la carta del peque e incluso la de su primita.<br style=\"padding: 0px; margin: 0px;\" \/><br style=\"padding: 0px; margin: 0px;\" \/>Todos sabemos lo que regalar a los m\u00e1s peques, desde que nacen los juguetes adecuados van ligados a su crecimiento en todo momento. Mu\u00f1ecos de apego, mantitas, cuentos estimulantes, juegos causa efecto, construcciones,&#8230; y as\u00ed seg\u00fan llegan a los grandes hitos de su crecimiento.&nbsp;<br style=\"padding: 0px; margin: 0px;\" \/><br style=\"padding: 0px; margin: 0px;\" \/><img decoding=\"async\" src=\"https:\/\/3.bp.blogspot.com\/-qKrsmj6i450\/WEfs9n91laI\/AAAAAAAAPZI\/pOdsdiIzq34ftAJr4p7OwmU8UG677SIJACLcB\/s400\/51k8QTS57EL.jpg\" alt=\"\" width=\"261\" height=\"400\" style=\"padding: 0px; margin: 0px 0px 0px 20px; list-style: none; outline: none; vertical-align: middle; width: 249px; border: none; float: right;\" \/>A partir de los 3 a\u00f1os entramos en una etapa genial, imitaci\u00f3n, fantas\u00eda, disfraces y mil aventuras que se multiplican por mil si los padres colaboran.<br style=\"padding: 0px; margin: 0px;\" \/><br style=\"padding: 0px; margin: 0px;\" \/>M\u00e1s mayores, m\u00e1s problemas. Tirar a los deportes es una muy buena opci\u00f3n par evitar la cat\u00e1strofe preadolescente.<br style=\"padding: 0px; margin: 0px;\" \/><br style=\"padding: 0px; margin: 0px;\" \/>Y si ya llegamos a los 8 comprarse el libro de Deanna es la soluci\u00f3n, o mejor dicho, la previsi\u00f3n de todos tus problemas.<br style=\"padding: 0px; margin: 0px;\" \/><b style=\"padding: 0px; margin: 0px;\"><br style=\"padding: 0px; margin: 0px;\" \/><\/b><b style=\"padding: 0px; margin: 0px;\">Si todav\u00eda dudas puedes consultar este&nbsp;<a href=\"es\/blog-padres-paternidad-proactiva\/carta-a-los-reyes-magos-claves-para-elegir-los-juguetes-de-navidad\" target=\"_blank\" style=\"padding: 0px; margin: 0px; list-style: none; border: none; outline: none; color: #191919;\" rel=\"noopener noreferrer\">ilustrativo art\u00edculo en el blog de la doctora.<\/a><\/b>&nbsp;<br style=\"padding: 0px; margin: 0px;\" \/><br style=\"padding: 0px; margin: 0px;\" \/>Despu\u00e9s de esta interesante ponencia no he podido resistirtirme a pasar por su web donde encuentras much\u00edsimos recursos gratuitos de grand\u00edsima calidad y asesoramiento personal en caso de necesitarlo. Adem\u00e1s en el pr\u00f3ximo a\u00f1o lanzar\u00e1 un servicio de suscripci\u00f3n de v\u00eddeos para padres recientes que promete ser la bomba con ayuda para novatos y cosas ya geniales como cursos de masajes y un mont\u00f3n de utilidades que pueden ser \u00fatiles a ti o un excelente regalo para esa mami primeriza que tienes cerca.<br style=\"padding: 0px; margin: 0px;\" \/><br style=\"padding: 0px; margin: 0px;\" \/><b style=\"padding: 0px; margin: 0px;\"><b style=\"padding: 0px; margin: 0px;\">Y vosotros. \u00bfQu\u00e9 vais a pedirle a los reyes? \u00bfTen\u00e9is tambi\u00e9n la visita de Santa Claus? \u00bfOs volv\u00e9is locos gestionando los regalos? Contarnos vuestros tips para estas fechas. Seguro que aprendemos un mont\u00f3n.<\/b><\/b><\/div>\n<\/div>\n<div class=\"post-author\" style=\"padding: 0px; margin: 50px 0px 35px; overflow: hidden; color: #333333; font-family: Open-sans, sans-serif;\">\n<div class=\"author-img\" style=\"padding: 0px; margin: 0px 20px 0px 0px; float: left;\"><img decoding=\"async\" src=\"https:\/\/1.bp.blogspot.com\/-bNwsihkbehE\/V1HTtr-c4oI\/AAAAAAAAOTk\/UzklfdYwV-QFvPdlXcFxVKMW907FXkbjQCLcB\/s1600\/mamafriki.png\" alt=\"\" width=\"110\" height=\"110\" class=\"avatar avatar-110 photo\" style=\"padding: 0px; margin: 0px 0px 0px 30px; list-style: none; outline: none; vertical-align: middle; width: 140px;\" \/><\/div>\n<div class=\"author-text\" style=\"padding: 0px; margin: 20px 30px;\">\n<h4 style=\"padding: 0px; margin: 0px; list-style: none; border: none; outline: none; font-family: playball; font-weight: 300; font-size: 16px; line-height: 22px; color: #777777;\"><a href=\"http:\/\/www.loquedigamama.com\/2016\/12\/regalar-con-cabeza-en-navidad.html\" rel=\"author noopener\" style=\"padding: 0px; margin: 0px 0px 6px; list-style: none; border: none; outline: none; color: #000000; font-size: 22px; display: block; letter-spacing: 1px;\" title=\"\" target=\"_blank\">Ana Bel\u00e9n Pacheco<\/a><\/h4>\n<p style=\"padding: 0px; margin: 0px 0px 8px; list-style: none; border: none; outline: none; font-size: 13px; color: #666666;\">Soy Ana, periodista, especialista en periodismo digital, cultura y ocio. Especialmente dedicada a las nuevas tecnolog\u00edas titulada recientemente como Community manager. En este espacio encontrar\u00e9is temas de actualidad familiar y cultura digital para hacer tu vida m\u00e1s f\u00e1cil.<\/p>\n<p>&nbsp;<\/p>\n<hr \/>\n<p><em>Fuente: &nbsp;<a href=\"http:\/\/www.loquedigamama.com\/2016\/12\/regalar-con-cabeza-en-navidad.html\" target=\"_blank\" rel=\"noopener noreferrer\">Regalar con cabeza en Navidad | Lo que diga mam\u00e1<\/a><\/em><\/p>\n<\/div>\n<\/div>\n","protected":false},"excerpt":{"rendered":"<p>&nbsp;viernes, diciembre 09, 2016&nbsp;&nbsp;Ana Bel\u00e9n Pacheco&nbsp;&nbsp;0 Comentarios Regalar en Navidad es un mundo.&nbsp;Y adem\u00e1s hay para todos los gustos. Por una parte est\u00e1n los padres&hellip;<\/p>\n","protected":false},"author":1,"featured_media":2261,"comment_status":"closed","ping_status":"open","sticky":false,"template":"","format":"standard","meta":{"footnotes":""},"categories":[87,213],"tags":[],"class_list":["post-2525","post","type-post","status-publish","format-standard","has-post-thumbnail","hentry","category-aparicion-en-medios","category-lo-que-diga-mama-es",""],"_links":{"self":[{"href":"https:\/\/proactiveparenting.com\/es\/wp-json\/wp\/v2\/posts\/2525","targetHints":{"allow":["GET"]}}],"collection":[{"href":"https:\/\/proactiveparenting.com\/es\/wp-json\/wp\/v2\/posts"}],"about":[{"href":"https:\/\/proactiveparenting.com\/es\/wp-json\/wp\/v2\/types\/post"}],"author":[{"embeddable":true,"href":"https:\/\/proactiveparenting.com\/es\/wp-json\/wp\/v2\/users\/1"}],"replies":[{"embeddable":true,"href":"https:\/\/proactiveparenting.com\/es\/wp-json\/wp\/v2\/comments?post=2525"}],"version-history":[{"count":0,"href":"https:\/\/proactiveparenting.com\/es\/wp-json\/wp\/v2\/posts\/2525\/revisions"}],"wp:featuredmedia":[{"embeddable":true,"href":"https:\/\/proactiveparenting.com\/es\/wp-json\/wp\/v2\/media\/2261"}],"wp:attachment":[{"href":"https:\/\/proactiveparenting.com\/es\/wp-json\/wp\/v2\/media?parent=2525"}],"wp:term":[{"taxonomy":"category","embeddable":true,"href":"https:\/\/proactiveparenting.com\/es\/wp-json\/wp\/v2\/categories?post=2525"},{"taxonomy":"post_tag","embeddable":true,"href":"https:\/\/proactiveparenting.com\/es\/wp-json\/wp\/v2\/tags?post=2525"}],"curies":[{"name":"wp","href":"https:\/\/api.w.org\/{rel}","templated":true}]}}