{"id":2521,"date":"2016-07-01T12:00:00","date_gmt":"2016-07-01T10:00:00","guid":{"rendered":"https:\/\/proactiveparenting.com\/2016\/07\/01\/claves-para-un-verano-perfecto-es\/"},"modified":"2023-08-29T13:16:27","modified_gmt":"2023-08-29T11:16:27","slug":"claves-para-un-verano-perfecto","status":"publish","type":"post","link":"https:\/\/proactiveparenting.com\/es\/claves-para-un-verano-perfecto\/","title":{"rendered":"Claves para un verano perfecto"},"content":{"rendered":"<p style=\"margin: 0px 0px 10.5px; color: #444444; font-family: 'Open Sans', sans-serif;\">Las vacaciones y los meses de verano son el momento en el que grandes y peque\u00f1os pasan m\u00e1s tiempo juntos, disfrutando del tiempo libre. Son la ocasi\u00f3n perfecta para acercarnos a nuestros hijos, mejorar las relaciones con ellos y potenciar mejores \u00a0h\u00e1bitos y rutinas familiares. Os damos algunas claves para un verano perfecto:<\/p>\n<p style=\"margin: 0px 0px 10.5px; color: #444444; font-family: 'Open Sans', sans-serif;\">Elige el destino. En primer lugar, es importante tener en cuenta la situaci\u00f3n de cada miembro de la familia a la hora de seleccionar el lugar de vacaciones. Si bien es cierto que viajar con ni\u00f1os no debe ser un impedimento, siempre es m\u00e1s recomendable elegir lugares que puedan serles interesantes y en los que se encuentren a gusto.<\/p>\n<p style=\"margin: 0px 0px 10.5px; color: #444444; font-family: 'Open Sans', sans-serif;\"><span style=\"text-decoration: underline;\"><strong>Juntos es mejor<\/strong><\/span><\/p>\n<p style=\"margin: 0px 0px 10.5px; color: #444444; font-family: 'Open Sans', sans-serif;\">Seleccionar el destino en familia ayudar\u00e1 ya desde el inicio a crear\u00a0<a style=\"background: transparent; color: #000000;\" href=\"http:\/\/www.decoestilo.com\/articulo\/5-deportes-para-practicar-en-familia\/\" target=\"_blank\" rel=\"noopener\"><strong>un v\u00ednculo m\u00e1s fuerte con los peque\u00f1os<\/strong><\/a>. Hacerles part\u00edcipes de la elecci\u00f3n de la ciudad o pa\u00eds les har\u00e1 sentirse vinculados y responsables del resultado final. Es una manera de inculcarles cierto control de las situaciones ya desde ni\u00f1os.<\/p>\n<p style=\"margin: 0px 0px 10.5px; color: #444444; font-family: 'Open Sans', sans-serif; text-align: center;\"><img decoding=\"async\" class=\"img-responsive\" style=\"vertical-align: middle; max-width: 580px; margin-top: 0px; margin-right: auto; margin-bottom: 0px; border: 4px solid #eeeeee;\" title=\"Claves para un verano perfecto\" src=\"https:\/\/www.decoestilo.com\/wp-content\/uploads\/2016\/06\/deporte_familia.jpg\" alt=\"Imagen Claves para un verano perf\" \/><\/p>\n<p style=\"margin: 0px 0px 10.5px; color: #444444; font-family: 'Open Sans', sans-serif;\"><span style=\"text-decoration: underline;\"><strong>Ocio para todos<\/strong><\/span><\/p>\n<p style=\"margin: 0px 0px 10.5px; color: #444444; font-family: 'Open Sans', sans-serif;\">Es importante tener preparadas\u00a0<a style=\"background: transparent; color: #000000;\" href=\"http:\/\/www.decoestilo.com\/articulo\/los-beneficios-del-deporte-para-los-ninos\/\" target=\"_blank\" rel=\"noopener\"><strong>actividades para todas las edades<\/strong><\/a>. Asegurarnos de que en el lugar al que acudimos haya talleres o jornadas pensadas para ellos ayudar\u00e1 a que se sientan m\u00e1s c\u00f3modos. Adem\u00e1s, tambi\u00e9n es recomendable realizar excursiones que est\u00e9n adaptadas a su ritmo y capacidad f\u00edsica.<\/p>\n<p style=\"margin: 0px 0px 10.5px; color: #444444; font-family: 'Open Sans', sans-serif; text-align: center;\"><img decoding=\"async\" class=\"img-responsive\" style=\"vertical-align: middle; max-width: 580px; margin-top: 0px; margin-right: auto; margin-bottom: 0px; border: 4px solid #eeeeee;\" title=\"Claves para un verano perfecto\" src=\"https:\/\/www.decoestilo.com\/wp-content\/uploads\/2016\/06\/vacaciones_9.jpg\" alt=\"Imagen Claves para un verano perf\" \/><\/p>\n<p style=\"margin: 0px 0px 10.5px; color: #444444; font-family: 'Open Sans', sans-serif;\"><span style=\"text-decoration: underline;\"><strong>Nuevas amistades<\/strong><\/span><\/p>\n<p style=\"margin: 0px 0px 10.5px; color: #444444; font-family: 'Open Sans', sans-serif;\">Durante estos d\u00edas los peque\u00f1os tambi\u00e9n tendr\u00e1n ocasi\u00f3n de relacionarse con otros ni\u00f1os, puede que incluso, de otros pa\u00edses, lo que les dar\u00e1 la oportunidad de mejorar sus relaciones sociales. Inculcarles que deben ser educados y respetuosos con ellos har\u00e1 que durante el curso escolar tambi\u00e9n se muestren m\u00e1s abiertos a conocer gente nueva.<\/p>\n<p style=\"margin: 0px 0px 10.5px; color: #444444; font-family: 'Open Sans', sans-serif;\"><span style=\"text-decoration: underline;\"><strong>H\u00e1bitos de alimentaci\u00f3n<\/strong><\/span><\/p>\n<p style=\"margin: 0px 0px 10.5px; color: #444444; font-family: 'Open Sans', sans-serif;\">Cuando salimos de vacaciones es habitual tambi\u00e9n encontrar productos diferentes a los que estamos acostumbrados. Si bien es cierto que es importante prestar atenci\u00f3n al modo de cocinado para evitar intoxicaciones, esta puede ser una buena oportunidad para mostrar a los ni\u00f1os lo importante de una buena alimentaci\u00f3n y de conocer nuevos productos. A los peque\u00f1os a veces les cuesta probar cosas nuevas, pero si aprovechamos en vacaciones, cuanto est\u00e1n m\u00e1s entretenidos y abiertos a novedades, conseguiremos que est\u00e9n m\u00e1s receptivos.<\/p>\n<p style=\"margin: 0px 0px 10.5px; color: #444444; font-family: 'Open Sans', sans-serif; text-align: center;\"><img decoding=\"async\" class=\"img-responsive\" style=\"vertical-align: middle; max-width: 580px; margin-top: 0px; margin-right: auto; margin-bottom: 0px; border: 4px solid #eeeeee;\" title=\"Claves para un verano perfecto\" src=\"https:\/\/www.decoestilo.com\/wp-content\/uploads\/2016\/06\/alimetacion_1.jpg\" alt=\"Imagen Claves para un verano perf\" \/><\/p>\n<p style=\"margin: 0px 0px 10.5px; color: #444444; font-family: 'Open Sans', sans-serif;\"><span style=\"text-decoration: underline;\"><strong>Organizaci\u00f3n y flexibilidad<\/strong><\/span><\/p>\n<p style=\"margin: 0px 0px 10.5px; color: #444444; font-family: 'Open Sans', sans-serif;\">Durante la \u00e9poca de vacaciones es importante mantener la organizaci\u00f3n que tenemos dentro del n\u00facleo familiar. Los ni\u00f1os deben comprender que en sus obligaciones existe cierta continuidad. Sin embargo, en periodos de tiempo libre podemos relajarnos un poco y aumentar la flexibilidad de nuestras exigencias. Cambios en los horarios de comida, o permitirles ir a la cama m\u00e1s tarde, son algunos ejemplos.<\/p>\n<p style=\"margin: 0px 0px 10.5px; color: #444444; font-family: 'Open Sans', sans-serif;\">Si ponemos en marcha estos peque\u00f1os consejos, conseguiremos que la familia al completo disfrute de los d\u00edas libres. Evitar conflictos, mostrarse relajados y sobre todo, disfrutar del entorno y la compa\u00f1\u00eda har\u00e1 que las vacaciones sean todo un \u00e9xito.<\/p>\n<p style=\"margin: 0px 0px 10.5px; color: #444444; font-family: 'Open Sans', sans-serif;\"><strong>Consejos<\/strong>: \u00a0DEANNA MARIE MASON<\/p>\n<p>&nbsp;<\/p>\n<hr \/>\n<p>Fuente:\u00a0Claves para un verano perfecto | DecoEstilo<\/p>\n","protected":false},"excerpt":{"rendered":"<p>Las vacaciones y los meses de verano son el momento en el que grandes y peque\u00f1os pasan m\u00e1s tiempo juntos, disfrutando del tiempo libre. Son&hellip;<\/p>\n","protected":false},"author":1,"featured_media":2253,"comment_status":"closed","ping_status":"open","sticky":false,"template":"","format":"standard","meta":{"footnotes":""},"categories":[87,188],"tags":[],"class_list":["post-2521","post","type-post","status-publish","format-standard","has-post-thumbnail","hentry","category-aparicion-en-medios","category-deco-estilo-es",""],"_links":{"self":[{"href":"https:\/\/proactiveparenting.com\/es\/wp-json\/wp\/v2\/posts\/2521","targetHints":{"allow":["GET"]}}],"collection":[{"href":"https:\/\/proactiveparenting.com\/es\/wp-json\/wp\/v2\/posts"}],"about":[{"href":"https:\/\/proactiveparenting.com\/es\/wp-json\/wp\/v2\/types\/post"}],"author":[{"embeddable":true,"href":"https:\/\/proactiveparenting.com\/es\/wp-json\/wp\/v2\/users\/1"}],"replies":[{"embeddable":true,"href":"https:\/\/proactiveparenting.com\/es\/wp-json\/wp\/v2\/comments?post=2521"}],"version-history":[{"count":0,"href":"https:\/\/proactiveparenting.com\/es\/wp-json\/wp\/v2\/posts\/2521\/revisions"}],"wp:featuredmedia":[{"embeddable":true,"href":"https:\/\/proactiveparenting.com\/es\/wp-json\/wp\/v2\/media\/2253"}],"wp:attachment":[{"href":"https:\/\/proactiveparenting.com\/es\/wp-json\/wp\/v2\/media?parent=2521"}],"wp:term":[{"taxonomy":"category","embeddable":true,"href":"https:\/\/proactiveparenting.com\/es\/wp-json\/wp\/v2\/categories?post=2521"},{"taxonomy":"post_tag","embeddable":true,"href":"https:\/\/proactiveparenting.com\/es\/wp-json\/wp\/v2\/tags?post=2521"}],"curies":[{"name":"wp","href":"https:\/\/api.w.org\/{rel}","templated":true}]}}